{"id":8631,"date":"2024-06-03T16:47:00","date_gmt":"2024-06-03T14:47:00","guid":{"rendered":"https:\/\/karon.de\/?p=8631"},"modified":"2024-06-03T17:15:10","modified_gmt":"2024-06-03T15:15:10","slug":"bct-technology-days-karon-ist-partneraussteller","status":"publish","type":"post","link":"https:\/\/karon.de\/en\/2024\/06\/bct-technology-days-karon-ist-partneraussteller\/","title":{"rendered":"BCT Technology Days &#8211; KAR\u014cN ist Partneraussteller"},"content":{"rendered":"\t\t<div data-elementor-type=\"wp-post\" data-elementor-id=\"8631\" class=\"elementor elementor-8631\" data-elementor-post-type=\"post\">\n\t\t\t\t\t\t<section class=\"elementor-section elementor-top-section elementor-element elementor-element-7b3bdce8 elementor-section-boxed elementor-section-height-default elementor-section-height-default\" data-id=\"7b3bdce8\" data-element_type=\"section\" data-e-type=\"section\">\n\t\t\t\t\t\t<div class=\"elementor-container elementor-column-gap-default\">\n\t\t\t\t\t<div class=\"elementor-column elementor-col-100 elementor-top-column elementor-element elementor-element-31a900ab\" data-id=\"31a900ab\" data-element_type=\"column\" data-e-type=\"column\">\n\t\t\t<div class=\"elementor-widget-wrap elementor-element-populated\">\n\t\t\t\t\t\t<div class=\"elementor-element elementor-element-44503825 elementor-widget elementor-widget-text-editor\" data-id=\"44503825\" data-element_type=\"widget\" data-e-type=\"widget\" data-widget_type=\"text-editor.default\">\n\t\t\t\t<div class=\"elementor-widget-container\">\n\t\t\t\t\t\t\t\t\t<p>Die <strong>BCT Technology Days<\/strong> sind die ideale Gelegenheit, um mehr \u00fcber die neuesten Trends in der Digitalisierung, PLM und Fertigung f\u00fcr den Mittelstand zu erfahren. Die Veranstaltung bietet ein breites Spektrum an Vortr\u00e4gen und Workshops, in denen Experten aus der Branche ihr Wissen und ihre Erfahrungen mit Ihnen teilen.<\/p>\n<p>Die <strong>Veranstaltung<\/strong> findet am <strong>04. \u2013 05. Juli 2024<\/strong> in <strong>Willst\u00e4tt<\/strong> statt.<\/p>\n<h3>Es erwarten Sie spannende Themen auf den BCT Technology Days:<\/h3>\n<ul>\n<li>Cloud-Technologie<\/li>\n<li>Model-Based Enterprise<\/li>\n<li>Qualit\u00e4tsmanagement<\/li>\n<li>Additive Fertigung<\/li>\n<li>Produktkostenmanagement<\/li>\n<\/ul>\n<h2>Am Freitag den 05.07.2024 um 11:30 Uhr k\u00f6nnen Sie unserem Kollegen Ernest Vila im <strong>Track 1 | Zeit und Geld sparen mit moderner Technischer Dokumentation<\/strong> folgen.<\/h2>\n<p>In Produktion und Service stand die Technische Dokumentation, wie etwa Teilekataloge und Arbeitsanweisungen, lange Zeit nicht an erster Stelle. Klassische Tools wie Word und Excel dominierten die Erstellungsprozesse. Doch diese Arbeitsweise ist m\u00fchsam, zeitaufwendig, teuer und f\u00fchrt zu unhandlichen Ergebnissen. <strong>Es geht besser!<\/strong> Moderne Werkzeuge erm\u00f6glichen eine deutlich schnellere Erstellung von Dokumentationen, w\u00e4hrend gleichzeitig die Qualit\u00e4t enorm steigt. Die Schl\u00fcsselworte lauten: Automatisierung und interaktives 3D.<\/p>\n<p><strong>Welche M\u00f6glichkeiten bieten sich heute im Bereich der Technischen Dokumentation, um Zeit und Geld in Produktion, Service und Training zu sparen?<\/strong><\/p>\n<p>Durch die Automatisierung von wiederkehrenden Aufgaben, wie der Formatierung oder der Erstellung von St\u00fccklisten, sparen Sie enorm viel Zeit. Anstatt statischer Bilder und Texte, k\u00f6nnen Sie mit 3D-Modellen komplexe Sachverhalte anschaulich und intuitiv vermitteln.<\/p>\n<p><strong>Zeitersparnis:<\/strong> Deutlich schnellere Erstellung und Aktualisierung von Dokumentationen. <br \/><strong>Qualit\u00e4tssteigerung:<\/strong> Verbesserte Verst\u00e4ndlichkeit und Fehlerreduktion. <br \/><strong>Kosteneffizienz:<\/strong> Senkung der Kosten f\u00fcr Erstellung, \u00dcbersetzung und Wartung.<br \/><strong>Kundenzufriedenheit:<\/strong> H\u00f6here Anwenderfreundlichkeit und schnellerer Probleml\u00f6sungsprozess.<\/p>\n<p>Moderne Werkzeuge f\u00fcr die Technische Dokumentation bieten enormes Potenzial, um Prozesse in Produktion, Service und Training zu optimieren. Die Investition in diese L\u00f6sungen zahlt sich schnell aus, da sie Zeit, Geld und Ressourcen sparen.<\/p>\n<p><strong>Sind Sie bereit, Ihre Technische Dokumentation auf die n\u00e4chste Stufe zu heben?<\/strong><\/p>\n<p>Dann sollten Sie sich \u00fcber die M\u00f6glichkeiten moderner Softwarel\u00f6sungen informieren. Gerne beraten wir Sie umfassend und zeigen Ihnen, wie Sie mit diesen Tools Ihre Prozesse optimieren und Ihre Dokumentationsqualit\u00e4t verbessern k\u00f6nnen.<\/p>\n<p>Wir freuen uns darauf, mit Ihnen und anderen Branchenexperten in Kontakt zu treten und gemeinsam neue M\u00f6glichkeiten zu erkunden. Besuchen Sie uns und lassen Sie sich von unseren spannenden Pr\u00e4sentationen inspirieren!<\/p>\t\t\t\t\t\t\t\t<\/div>\n\t\t\t\t<\/div>\n\t\t\t\t<div class=\"elementor-element elementor-element-52bb5cc elementor-align-justify elementor-widget elementor-widget-button\" data-id=\"52bb5cc\" data-element_type=\"widget\" data-e-type=\"widget\" data-widget_type=\"button.default\">\n\t\t\t\t<div class=\"elementor-widget-container\">\n\t\t\t\t\t\t\t\t\t<div class=\"elementor-button-wrapper\">\n\t\t\t\t\t<a class=\"elementor-button elementor-button-link elementor-size-sm\" href=\"https:\/\/bct-technology.com\/de-de\/technology-days-anmeldung\" target=\"_blank\">\n\t\t\t\t\t\t<span class=\"elementor-button-content-wrapper\">\n\t\t\t\t\t\t\t\t\t<span class=\"elementor-button-text\">Ticket sichern!<\/span>\n\t\t\t\t\t<\/span>\n\t\t\t\t\t<\/a>\n\t\t\t\t<\/div>\n\t\t\t\t\t\t\t\t<\/div>\n\t\t\t\t<\/div>\n\t\t\t\t\t<\/div>\n\t\t<\/div>\n\t\t\t\t\t<\/div>\n\t\t<\/section>\n\t\t\t\t<\/div>\n\t\t","protected":false},"excerpt":{"rendered":"<p>Entdecken Sie die neuesten Trends in den Bereichen Digitalisierung, PLM und Fertigung f\u00fcr KMU bei den BCT Technologietagen. Besuchen Sie uns am 4. und 5. Juli 2024 in Willst\u00e4tt und erleben Sie aufschlussreiche Workshops und Pr\u00e4sentationen von Branchenexperten. <\/p>\n","protected":false},"author":7,"featured_media":8639,"comment_status":"closed","ping_status":"open","sticky":false,"template":"","format":"standard","meta":{"_acf_changed":false,"_mo_disable_npp":"","footnotes":""},"categories":[1],"tags":[],"class_list":["post-8631","post","type-post","status-publish","format-standard","has-post-thumbnail","hentry","category-unkategorisiert"],"acf":[],"yoast_head":"<!-- This site is optimized with the Yoast SEO Premium plugin v21.1 (Yoast SEO v27.3) - https:\/\/yoast.com\/product\/yoast-seo-premium-wordpress\/ -->\n<title>BCT Technology Days - KAR\u014cN ist Partneraussteller - KARON | Prozess- und IT-Experten<\/title>\n<meta name=\"description\" content=\"Besuchen Sie KARON als Partneraussteller bei den BCT Technologietagen. Erfahren Sie mehr \u00fcber moderne Tools f\u00fcr die technische Dokumentation, mit denen Sie Zeit und Geld sparen und die Qualit\u00e4t in Produktion, Service und Schulung verbessern k\u00f6nnen. 4. und 5. Juli 2024 in Willst\u00e4tt.\" \/>\n<meta name=\"robots\" content=\"index, follow, max-snippet:-1, max-image-preview:large, max-video-preview:-1\" \/>\n<link rel=\"canonical\" href=\"https:\/\/karon.de\/en\/2024\/06\/bct-technology-days-karon-ist-partneraussteller\/\" \/>\n<meta property=\"og:locale\" content=\"en_US\" \/>\n<meta property=\"og:type\" content=\"article\" \/>\n<meta property=\"og:title\" content=\"BCT Technology Days - KAR\u014cN ist Partneraussteller - KARON | Prozess- und IT-Experten\" \/>\n<meta property=\"og:description\" content=\"Besuchen Sie KARON als Partneraussteller bei den BCT Technologietagen. Erfahren Sie mehr \u00fcber moderne Tools f\u00fcr die technische Dokumentation, mit denen Sie Zeit und Geld sparen und die Qualit\u00e4t in Produktion, Service und Schulung verbessern k\u00f6nnen. 4. und 5. Juli 2024 in Willst\u00e4tt.\" \/>\n<meta property=\"og:url\" content=\"https:\/\/karon.de\/en\/2024\/06\/bct-technology-days-karon-ist-partneraussteller\/\" \/>\n<meta property=\"og:site_name\" content=\"KARON | Prozess- und IT-Experten\" \/>\n<meta property=\"article:published_time\" content=\"2024-06-03T14:47:00+00:00\" \/>\n<meta property=\"article:modified_time\" content=\"2024-06-03T15:15:10+00:00\" \/>\n<meta property=\"og:image\" content=\"https:\/\/karon.de\/wp-content\/uploads\/2024\/06\/AdobeStock_570326513-Kopie.jpg\" \/>\n\t<meta property=\"og:image:width\" content=\"2362\" \/>\n\t<meta property=\"og:image:height\" content=\"1363\" \/>\n\t<meta property=\"og:image:type\" content=\"image\/jpeg\" \/>\n<meta name=\"author\" content=\"Yvonne Bernhardt\" \/>\n<meta name=\"twitter:card\" content=\"summary_large_image\" \/>\n<meta name=\"twitter:label1\" content=\"Written by\" \/>\n\t<meta name=\"twitter:data1\" content=\"Yvonne Bernhardt\" \/>\n\t<meta name=\"twitter:label2\" content=\"Est. reading time\" \/>\n\t<meta name=\"twitter:data2\" content=\"2 minutes\" \/>\n<script type=\"application\/ld+json\" class=\"yoast-schema-graph\">{\"@context\":\"https:\\\/\\\/schema.org\",\"@graph\":[{\"@type\":\"Article\",\"@id\":\"https:\\\/\\\/karon.de\\\/en\\\/2024\\\/06\\\/bct-technology-days-karon-ist-partneraussteller\\\/#article\",\"isPartOf\":{\"@id\":\"https:\\\/\\\/karon.de\\\/en\\\/2024\\\/06\\\/bct-technology-days-karon-ist-partneraussteller\\\/\"},\"author\":{\"name\":\"Yvonne Bernhardt\",\"@id\":\"https:\\\/\\\/karon.de\\\/en\\\/#\\\/schema\\\/person\\\/448015ebb6ce80d9d051858d1c80e6fb\"},\"headline\":\"BCT Technology Days &#8211; KAR\u014cN ist Partneraussteller\",\"datePublished\":\"2024-06-03T14:47:00+00:00\",\"dateModified\":\"2024-06-03T15:15:10+00:00\",\"mainEntityOfPage\":{\"@id\":\"https:\\\/\\\/karon.de\\\/en\\\/2024\\\/06\\\/bct-technology-days-karon-ist-partneraussteller\\\/\"},\"wordCount\":390,\"publisher\":{\"@id\":\"https:\\\/\\\/karon.de\\\/en\\\/#organization\"},\"image\":{\"@id\":\"https:\\\/\\\/karon.de\\\/en\\\/2024\\\/06\\\/bct-technology-days-karon-ist-partneraussteller\\\/#primaryimage\"},\"thumbnailUrl\":\"https:\\\/\\\/karon.de\\\/wp-content\\\/uploads\\\/2024\\\/06\\\/AdobeStock_570326513-Kopie.jpg\",\"articleSection\":[\"Unkategorisiert\"],\"inLanguage\":\"en-US\"},{\"@type\":\"WebPage\",\"@id\":\"https:\\\/\\\/karon.de\\\/en\\\/2024\\\/06\\\/bct-technology-days-karon-ist-partneraussteller\\\/\",\"url\":\"https:\\\/\\\/karon.de\\\/en\\\/2024\\\/06\\\/bct-technology-days-karon-ist-partneraussteller\\\/\",\"name\":\"BCT Technology Days - KAR\u014cN ist Partneraussteller - KARON | Prozess- und IT-Experten\",\"isPartOf\":{\"@id\":\"https:\\\/\\\/karon.de\\\/en\\\/#website\"},\"primaryImageOfPage\":{\"@id\":\"https:\\\/\\\/karon.de\\\/en\\\/2024\\\/06\\\/bct-technology-days-karon-ist-partneraussteller\\\/#primaryimage\"},\"image\":{\"@id\":\"https:\\\/\\\/karon.de\\\/en\\\/2024\\\/06\\\/bct-technology-days-karon-ist-partneraussteller\\\/#primaryimage\"},\"thumbnailUrl\":\"https:\\\/\\\/karon.de\\\/wp-content\\\/uploads\\\/2024\\\/06\\\/AdobeStock_570326513-Kopie.jpg\",\"datePublished\":\"2024-06-03T14:47:00+00:00\",\"dateModified\":\"2024-06-03T15:15:10+00:00\",\"description\":\"Besuchen Sie KARON als Partneraussteller bei den BCT Technologietagen. Erfahren Sie mehr \u00fcber moderne Tools f\u00fcr die technische Dokumentation, mit denen Sie Zeit und Geld sparen und die Qualit\u00e4t in Produktion, Service und Schulung verbessern k\u00f6nnen. 4. und 5. Juli 2024 in Willst\u00e4tt.\",\"inLanguage\":\"en-US\",\"potentialAction\":[{\"@type\":\"ReadAction\",\"target\":[\"https:\\\/\\\/karon.de\\\/en\\\/2024\\\/06\\\/bct-technology-days-karon-ist-partneraussteller\\\/\"]}]},{\"@type\":\"ImageObject\",\"inLanguage\":\"en-US\",\"@id\":\"https:\\\/\\\/karon.de\\\/en\\\/2024\\\/06\\\/bct-technology-days-karon-ist-partneraussteller\\\/#primaryimage\",\"url\":\"https:\\\/\\\/karon.de\\\/wp-content\\\/uploads\\\/2024\\\/06\\\/AdobeStock_570326513-Kopie.jpg\",\"contentUrl\":\"https:\\\/\\\/karon.de\\\/wp-content\\\/uploads\\\/2024\\\/06\\\/AdobeStock_570326513-Kopie.jpg\",\"width\":2362,\"height\":1363},{\"@type\":\"WebSite\",\"@id\":\"https:\\\/\\\/karon.de\\\/en\\\/#website\",\"url\":\"https:\\\/\\\/karon.de\\\/en\\\/\",\"name\":\"KARON | Prozess- und IT-Experten\",\"description\":\"\",\"publisher\":{\"@id\":\"https:\\\/\\\/karon.de\\\/en\\\/#organization\"},\"potentialAction\":[{\"@type\":\"SearchAction\",\"target\":{\"@type\":\"EntryPoint\",\"urlTemplate\":\"https:\\\/\\\/karon.de\\\/en\\\/?s={search_term_string}\"},\"query-input\":{\"@type\":\"PropertyValueSpecification\",\"valueRequired\":true,\"valueName\":\"search_term_string\"}}],\"inLanguage\":\"en-US\"},{\"@type\":\"Organization\",\"@id\":\"https:\\\/\\\/karon.de\\\/en\\\/#organization\",\"name\":\"KARON | Prozess- und IT-Experten\",\"url\":\"https:\\\/\\\/karon.de\\\/en\\\/\",\"logo\":{\"@type\":\"ImageObject\",\"inLanguage\":\"en-US\",\"@id\":\"https:\\\/\\\/karon.de\\\/en\\\/#\\\/schema\\\/logo\\\/image\\\/\",\"url\":\"https:\\\/\\\/karon.de\\\/wp-content\\\/uploads\\\/2023\\\/03\\\/logo-karon.svg\",\"contentUrl\":\"https:\\\/\\\/karon.de\\\/wp-content\\\/uploads\\\/2023\\\/03\\\/logo-karon.svg\",\"width\":194,\"height\":52,\"caption\":\"KARON | Prozess- und IT-Experten\"},\"image\":{\"@id\":\"https:\\\/\\\/karon.de\\\/en\\\/#\\\/schema\\\/logo\\\/image\\\/\"}},{\"@type\":\"Person\",\"@id\":\"https:\\\/\\\/karon.de\\\/en\\\/#\\\/schema\\\/person\\\/448015ebb6ce80d9d051858d1c80e6fb\",\"name\":\"Yvonne Bernhardt\",\"image\":{\"@type\":\"ImageObject\",\"inLanguage\":\"en-US\",\"@id\":\"https:\\\/\\\/secure.gravatar.com\\\/avatar\\\/68bda466bfec67ce72fbf2999c69219aa9644acde7b92f2178b51cf2c6288c13?s=96&d=mm&r=g\",\"url\":\"https:\\\/\\\/secure.gravatar.com\\\/avatar\\\/68bda466bfec67ce72fbf2999c69219aa9644acde7b92f2178b51cf2c6288c13?s=96&d=mm&r=g\",\"contentUrl\":\"https:\\\/\\\/secure.gravatar.com\\\/avatar\\\/68bda466bfec67ce72fbf2999c69219aa9644acde7b92f2178b51cf2c6288c13?s=96&d=mm&r=g\",\"caption\":\"Yvonne Bernhardt\"},\"url\":\"https:\\\/\\\/karon.de\\\/en\\\/author\\\/yvonnebernhardt\\\/\"}]}<\/script>\n<!-- \/ Yoast SEO Premium plugin. -->","yoast_head_json":{"title":"BCT Technology Days - KAR\u014cN ist Partneraussteller - KARON | Prozess- und IT-Experten","description":"Besuchen Sie KARON als Partneraussteller bei den BCT Technologietagen. Erfahren Sie mehr \u00fcber moderne Tools f\u00fcr die technische Dokumentation, mit denen Sie Zeit und Geld sparen und die Qualit\u00e4t in Produktion, Service und Schulung verbessern k\u00f6nnen. 4. und 5. Juli 2024 in Willst\u00e4tt.","robots":{"index":"index","follow":"follow","max-snippet":"max-snippet:-1","max-image-preview":"max-image-preview:large","max-video-preview":"max-video-preview:-1"},"canonical":"https:\/\/karon.de\/en\/2024\/06\/bct-technology-days-karon-ist-partneraussteller\/","og_locale":"en_US","og_type":"article","og_title":"BCT Technology Days - KAR\u014cN ist Partneraussteller - KARON | Prozess- und IT-Experten","og_description":"Besuchen Sie KARON als Partneraussteller bei den BCT Technologietagen. Erfahren Sie mehr \u00fcber moderne Tools f\u00fcr die technische Dokumentation, mit denen Sie Zeit und Geld sparen und die Qualit\u00e4t in Produktion, Service und Schulung verbessern k\u00f6nnen. 4. und 5. Juli 2024 in Willst\u00e4tt.","og_url":"https:\/\/karon.de\/en\/2024\/06\/bct-technology-days-karon-ist-partneraussteller\/","og_site_name":"KARON | Prozess- und IT-Experten","article_published_time":"2024-06-03T14:47:00+00:00","article_modified_time":"2024-06-03T15:15:10+00:00","og_image":[{"width":2362,"height":1363,"url":"https:\/\/karon.de\/wp-content\/uploads\/2024\/06\/AdobeStock_570326513-Kopie.jpg","type":"image\/jpeg"}],"author":"Yvonne Bernhardt","twitter_card":"summary_large_image","twitter_misc":{"Written by":"Yvonne Bernhardt","Est. reading time":"2 minutes"},"schema":{"@context":"https:\/\/schema.org","@graph":[{"@type":"Article","@id":"https:\/\/karon.de\/en\/2024\/06\/bct-technology-days-karon-ist-partneraussteller\/#article","isPartOf":{"@id":"https:\/\/karon.de\/en\/2024\/06\/bct-technology-days-karon-ist-partneraussteller\/"},"author":{"name":"Yvonne Bernhardt","@id":"https:\/\/karon.de\/en\/#\/schema\/person\/448015ebb6ce80d9d051858d1c80e6fb"},"headline":"BCT Technology Days &#8211; KAR\u014cN ist Partneraussteller","datePublished":"2024-06-03T14:47:00+00:00","dateModified":"2024-06-03T15:15:10+00:00","mainEntityOfPage":{"@id":"https:\/\/karon.de\/en\/2024\/06\/bct-technology-days-karon-ist-partneraussteller\/"},"wordCount":390,"publisher":{"@id":"https:\/\/karon.de\/en\/#organization"},"image":{"@id":"https:\/\/karon.de\/en\/2024\/06\/bct-technology-days-karon-ist-partneraussteller\/#primaryimage"},"thumbnailUrl":"https:\/\/karon.de\/wp-content\/uploads\/2024\/06\/AdobeStock_570326513-Kopie.jpg","articleSection":["Unkategorisiert"],"inLanguage":"en-US"},{"@type":"WebPage","@id":"https:\/\/karon.de\/en\/2024\/06\/bct-technology-days-karon-ist-partneraussteller\/","url":"https:\/\/karon.de\/en\/2024\/06\/bct-technology-days-karon-ist-partneraussteller\/","name":"BCT Technology Days - KAR\u014cN ist Partneraussteller - KARON | Prozess- und IT-Experten","isPartOf":{"@id":"https:\/\/karon.de\/en\/#website"},"primaryImageOfPage":{"@id":"https:\/\/karon.de\/en\/2024\/06\/bct-technology-days-karon-ist-partneraussteller\/#primaryimage"},"image":{"@id":"https:\/\/karon.de\/en\/2024\/06\/bct-technology-days-karon-ist-partneraussteller\/#primaryimage"},"thumbnailUrl":"https:\/\/karon.de\/wp-content\/uploads\/2024\/06\/AdobeStock_570326513-Kopie.jpg","datePublished":"2024-06-03T14:47:00+00:00","dateModified":"2024-06-03T15:15:10+00:00","description":"Besuchen Sie KARON als Partneraussteller bei den BCT Technologietagen. Erfahren Sie mehr \u00fcber moderne Tools f\u00fcr die technische Dokumentation, mit denen Sie Zeit und Geld sparen und die Qualit\u00e4t in Produktion, Service und Schulung verbessern k\u00f6nnen. 4. und 5. Juli 2024 in Willst\u00e4tt.","inLanguage":"en-US","potentialAction":[{"@type":"ReadAction","target":["https:\/\/karon.de\/en\/2024\/06\/bct-technology-days-karon-ist-partneraussteller\/"]}]},{"@type":"ImageObject","inLanguage":"en-US","@id":"https:\/\/karon.de\/en\/2024\/06\/bct-technology-days-karon-ist-partneraussteller\/#primaryimage","url":"https:\/\/karon.de\/wp-content\/uploads\/2024\/06\/AdobeStock_570326513-Kopie.jpg","contentUrl":"https:\/\/karon.de\/wp-content\/uploads\/2024\/06\/AdobeStock_570326513-Kopie.jpg","width":2362,"height":1363},{"@type":"WebSite","@id":"https:\/\/karon.de\/en\/#website","url":"https:\/\/karon.de\/en\/","name":"KARON | Prozess- und IT-Experten","description":"","publisher":{"@id":"https:\/\/karon.de\/en\/#organization"},"potentialAction":[{"@type":"SearchAction","target":{"@type":"EntryPoint","urlTemplate":"https:\/\/karon.de\/en\/?s={search_term_string}"},"query-input":{"@type":"PropertyValueSpecification","valueRequired":true,"valueName":"search_term_string"}}],"inLanguage":"en-US"},{"@type":"Organization","@id":"https:\/\/karon.de\/en\/#organization","name":"KARON | Prozess- und IT-Experten","url":"https:\/\/karon.de\/en\/","logo":{"@type":"ImageObject","inLanguage":"en-US","@id":"https:\/\/karon.de\/en\/#\/schema\/logo\/image\/","url":"https:\/\/karon.de\/wp-content\/uploads\/2023\/03\/logo-karon.svg","contentUrl":"https:\/\/karon.de\/wp-content\/uploads\/2023\/03\/logo-karon.svg","width":194,"height":52,"caption":"KARON | Prozess- und IT-Experten"},"image":{"@id":"https:\/\/karon.de\/en\/#\/schema\/logo\/image\/"}},{"@type":"Person","@id":"https:\/\/karon.de\/en\/#\/schema\/person\/448015ebb6ce80d9d051858d1c80e6fb","name":"Yvonne Bernhardt","image":{"@type":"ImageObject","inLanguage":"en-US","@id":"https:\/\/secure.gravatar.com\/avatar\/68bda466bfec67ce72fbf2999c69219aa9644acde7b92f2178b51cf2c6288c13?s=96&d=mm&r=g","url":"https:\/\/secure.gravatar.com\/avatar\/68bda466bfec67ce72fbf2999c69219aa9644acde7b92f2178b51cf2c6288c13?s=96&d=mm&r=g","contentUrl":"https:\/\/secure.gravatar.com\/avatar\/68bda466bfec67ce72fbf2999c69219aa9644acde7b92f2178b51cf2c6288c13?s=96&d=mm&r=g","caption":"Yvonne Bernhardt"},"url":"https:\/\/karon.de\/en\/author\/yvonnebernhardt\/"}]}},"_links":{"self":[{"href":"https:\/\/karon.de\/en\/wp-json\/wp\/v2\/posts\/8631","targetHints":{"allow":["GET"]}}],"collection":[{"href":"https:\/\/karon.de\/en\/wp-json\/wp\/v2\/posts"}],"about":[{"href":"https:\/\/karon.de\/en\/wp-json\/wp\/v2\/types\/post"}],"author":[{"embeddable":true,"href":"https:\/\/karon.de\/en\/wp-json\/wp\/v2\/users\/7"}],"replies":[{"embeddable":true,"href":"https:\/\/karon.de\/en\/wp-json\/wp\/v2\/comments?post=8631"}],"version-history":[{"count":7,"href":"https:\/\/karon.de\/en\/wp-json\/wp\/v2\/posts\/8631\/revisions"}],"predecessor-version":[{"id":8643,"href":"https:\/\/karon.de\/en\/wp-json\/wp\/v2\/posts\/8631\/revisions\/8643"}],"wp:featuredmedia":[{"embeddable":true,"href":"https:\/\/karon.de\/en\/wp-json\/wp\/v2\/media\/8639"}],"wp:attachment":[{"href":"https:\/\/karon.de\/en\/wp-json\/wp\/v2\/media?parent=8631"}],"wp:term":[{"taxonomy":"category","embeddable":true,"href":"https:\/\/karon.de\/en\/wp-json\/wp\/v2\/categories?post=8631"},{"taxonomy":"post_tag","embeddable":true,"href":"https:\/\/karon.de\/en\/wp-json\/wp\/v2\/tags?post=8631"}],"curies":[{"name":"wp","href":"https:\/\/api.w.org\/{rel}","templated":true}]}}